[{"@context":"https:\/\/schema.org\/","@type":"Article","@id":"https:\/\/www.recado.cz\/babylux-largo-by-mohlo-vyresit-vase-problemy\/#Article","mainEntityOfPage":"https:\/\/www.recado.cz\/babylux-largo-by-mohlo-vyresit-vase-problemy\/","headline":"Babylux largo by mohlo vy\u0159e\u0161it va\u0161e probl\u00e9my","name":"Babylux largo by mohlo vy\u0159e\u0161it va\u0161e probl\u00e9my","description":"Mnoh\u00fdm mamink\u00e1m se ji\u017e stalo, \u017ee pro sv\u00e9 d\u00edt\u011b zakoupily ko\u010d\u00e1rek, kter\u00fd se jim opravdu l\u00edbil, ale...","datePublished":"2022-08-20","dateModified":"2023-05-30","author":{"@type":"Person","@id":"https:\/\/www.recado.cz\/author\/#Person","name":"","url":"https:\/\/www.recado.cz\/author\/","identifier":1,"image":{"@type":"ImageObject","@id":"https:\/\/secure.gravatar.com\/avatar\/01173f1da90dde8adb887d6793fa4e42c4004e53f8d645d9b1cb57c2dee8e188?s=96&d=mm&r=g","url":"https:\/\/secure.gravatar.com\/avatar\/01173f1da90dde8adb887d6793fa4e42c4004e53f8d645d9b1cb57c2dee8e188?s=96&d=mm&r=g","height":96,"width":96}},"publisher":{"@type":"Organization","name":"recado.cz","logo":{"@type":"ImageObject","@id":"\/logo.png","url":"\/logo.png","width":600,"height":60}},"image":{"@type":"ImageObject","@id":"https:\/\/www.recado.cz\/wp-content\/uploads\/ko%C4%8D%C3%A1r_1.JPG","url":"https:\/\/www.recado.cz\/wp-content\/uploads\/ko%C4%8D%C3%A1r_1.JPG","height":0,"width":0},"url":"https:\/\/www.recado.cz\/babylux-largo-by-mohlo-vyresit-vase-problemy\/","about":["V\u00fdrobky"],"wordCount":440,"articleBody":"      Mnoh\u00fdm mamink\u00e1m se ji\u017e stalo, \u017ee pro sv\u00e9 d\u00edt\u011b zakoupily ko\u010d\u00e1rek, kter\u00fd se jim opravdu l\u00edbil, ale po dvou j\u00edzd\u00e1ch se stalo, \u017ee jim na dan\u00e9m ko\u010d\u00e1rku p\u0159estalo fungovat kolo. S n\u011b\u010d\u00edm takov\u00fdm se v posledn\u00edch dnech setk\u00e1v\u00e1 mnoho maminek. Je jasn\u00e9, \u017ee se ka\u017ed\u00e1 maminka, kter\u00e9 se n\u011bco takov\u00e9ho p\u0159ihod\u00ed, pokus\u00ed dan\u00fd ko\u010d\u00e1rek vyreklamovat, ale ne v\u017edy se v\u00e1m to m\u016f\u017ee pov\u00e9st.\u010clov\u011bk by m\u011bl takov\u00fd ko\u010d\u00e1rek nakupovat jen tam, kde pozd\u011bji nen\u00ed reklamace \u017e\u00e1dn\u00fd probl\u00e9m, proto\u017ee se skute\u010dn\u011b m\u016f\u017eete potkat s t\u00edm, \u017ee v\u00e1m nebudou cht\u00edt vz\u00edt ko\u010d\u00e1rek zp\u011bt. Pokud by to \u0161lo alespo\u0148 tak, \u017ee byste si mohli m\u00edsto ko\u010d\u00e1rku, kter\u00fd m\u00e1te, vybrat jin\u00fd, rozhodn\u011b by to bylo dobr\u00e9. N\u011bkdy to tak ale nefunguje.\u010clov\u011bk by tedy m\u011bl nakupovat ko\u010d\u00e1rky jen tam, kde nen\u00ed probl\u00e9m vr\u00e1cen\u00ed v p\u0159\u00edpad\u011b, \u017ee by do\u0161lo k n\u011bjak\u00e9mu probl\u00e9mu, jako je nap\u0159\u00edklad po\u0161kozen\u00ed.Pokud byste zvolili zna\u010dku Babylux largo, v\u011b\u0159te, \u017ee by nebyl s n\u011b\u010d\u00edm takov\u00fdm probl\u00e9m. Ko\u010d\u00e1rk\u016f t\u00e9to zna\u010dky najdete nav\u00edc velk\u00e9 mno\u017estv\u00ed, tak\u017ee si m\u016f\u017eete na webov\u00fdch str\u00e1nk\u00e1ch klidn\u011b prohl\u00e9dnout, co v\u0161echno je mo\u017en\u00e9 objednat a co v\u0161echno by u v\u00e1s mohlo b\u00fdt ji\u017e za p\u00e1r dn\u00ed.Ur\u010dit\u011b je dobr\u00e9 d\u00edvat se zejm\u00e9na na hmotnost takov\u00e9ho ko\u010d\u00e1rku a tak\u00e9 na jeho rozm\u011bry. Pokud m\u00e1te nap\u0159\u00edklad mal\u00e9 auto, je jasn\u00e9, \u017ee pokud bude ko\u010d\u00e1rek p\u0159\u00edli\u0161 velk\u00fd, bude do va\u0161eho vozu probl\u00e9m n\u011bco takov\u00e9ho um\u00edstit. N\u011bco takov\u00e9ho je n\u011bco, co by rozhodn\u011b m\u011bla \u0159e\u0161it ka\u017ed\u00e1 maminka, aby pot\u00e9 nemusela \u0159e\u0161it nep\u0159\u00edjemn\u00e9 situace.Jestli\u017ee se ale \u010dlov\u011bk zam\u011b\u0159\u00ed zejm\u00e9na na tyto v\u011bci, pak v\u011b\u0159te, \u017ee to bude jen dob\u0159e. Je dobr\u00e9 m\u00edt ko\u010d\u00e1rek od spole\u010dnosti, pro kterou nen\u00ed nic probl\u00e9m. V\u0161echny v\u011bci se daj\u00ed velice snadno vy\u0159e\u0161it to d\u00edky tomu, \u017ee je mo\u017en\u00e9 do dan\u00e9 spole\u010dnosti jednodu\u0161e v p\u0159\u00edpad\u011b probl\u00e9m\u016f zavolat a pobavit se o \u0159e\u0161en\u00ed, kter\u00e9 pro v\u00e1s bude nejlep\u0161\u00ed. Nebojte se, \u017ee by va\u0161e miminko m\u011blo nefunk\u010dn\u00ed ko\u010d\u00e1rek. V\u0161e m\u016f\u017ee dob\u0159e fungovat.                                                                                                                                                                                                                                                                                                                                                                                          5\/5 - (1 vote)        "},{"@context":"https:\/\/schema.org\/","@type":"BreadcrumbList","itemListElement":[{"@type":"ListItem","position":1,"name":"Babylux largo by mohlo vy\u0159e\u0161it va\u0161e probl\u00e9my","item":"https:\/\/www.recado.cz\/babylux-largo-by-mohlo-vyresit-vase-problemy\/#breadcrumbitem"}]}]