[{"@context":"https:\/\/schema.org\/","@type":"Article","@id":"https:\/\/www.recado.cz\/bez-sidla-neni-firma\/#Article","mainEntityOfPage":"https:\/\/www.recado.cz\/bez-sidla-neni-firma\/","headline":"Bez s\u00eddla nen\u00ed firma","name":"Bez s\u00eddla nen\u00ed firma","description":"Dokud nem\u00e1 \u010dlov\u011bk n\u011bjak\u00e9 firemn\u00ed s\u00eddlo, m\u016f\u017ee si na svoji vlastn\u00ed firmu nechat zaj\u00edt chu\u0165. Proto\u017ee firmu...","datePublished":"2022-11-27","dateModified":"2022-11-27","author":{"@type":"Person","@id":"https:\/\/www.recado.cz\/author\/#Person","name":"","url":"https:\/\/www.recado.cz\/author\/","identifier":1,"image":{"@type":"ImageObject","@id":"https:\/\/secure.gravatar.com\/avatar\/01173f1da90dde8adb887d6793fa4e42c4004e53f8d645d9b1cb57c2dee8e188?s=96&d=mm&r=g","url":"https:\/\/secure.gravatar.com\/avatar\/01173f1da90dde8adb887d6793fa4e42c4004e53f8d645d9b1cb57c2dee8e188?s=96&d=mm&r=g","height":96,"width":96}},"publisher":{"@type":"Organization","name":"recado.cz","logo":{"@type":"ImageObject","@id":"\/logo.png","url":"\/logo.png","width":600,"height":60}},"image":{"@type":"ImageObject","@id":"https:\/\/www.recado.cz\/wp-content\/uploads\/f11.jpg","url":"https:\/\/www.recado.cz\/wp-content\/uploads\/f11.jpg","height":0,"width":0},"url":"https:\/\/www.recado.cz\/bez-sidla-neni-firma\/","about":["Spole\u010dnosti"],"wordCount":418,"articleBody":"   Dokud nem\u00e1 \u010dlov\u011bk n\u011bjak\u00e9 firemn\u00ed s\u00eddlo, m\u016f\u017ee si na svoji vlastn\u00ed firmu nechat zaj\u00edt chu\u0165. Proto\u017ee firmu nelze bez jej\u00edho firemn\u00edho s\u00eddla ani zalo\u017eit, nato\u017e aby se tato rozjela a p\u0159in\u00e1\u0161ela podnikatelsk\u00e9 \u00fasp\u011bchy a zisky. Jen\u017ee kolik je jenom lid\u00ed, kte\u0159\u00ed by cht\u011bli podnikat, ov\u0161em \u017e\u00e1dn\u00e9 s\u00eddlo k dispozici nemaj\u00ed! A kolik je jenom t\u011bch, kte\u0159\u00ed ho sice vlastn\u00ed, jen\u017ee m\u00e1 toto daleko k dokonalosti, co se jeho vzhledu a um\u00edst\u011bn\u00ed t\u00fdk\u00e1! A tito si firmu bu\u010f nemohou zalo\u017eit, nebo sice jejich firma vznikne, jen\u017ee nevzbud\u00ed u potenci\u00e1ln\u00edch klient\u016f \u017e\u00e1douc\u00ed z\u00e1jem a tak pot\u0159ebnou d\u016fv\u011bru.I kdy\u017e ono to vlastn\u011b nen\u00ed docela p\u0159esn\u00e9. Doty\u010dn\u00ed by si vlastn\u011b svoji firmu zalo\u017eit a \u00fasp\u011b\u0161n\u011b provozovat mohli. A mohou. Ale chce to jedno. Chce to, aby doty\u010dn\u00ed v\u011bd\u011bli, \u017ee se nab\u00edzej\u00ed i virtu\u00e1ln\u00ed s\u00eddla. Tedy objekty, ve kter\u00fdch se firmy daj\u00ed zaregistrovat a mohou tu ofici\u00e1ln\u011b p\u016fsobit. A to i tehdy, kdy\u017e jim takov\u00e9 kvalitn\u00ed objekty nen\u00e1le\u017e\u00ed.A nab\u00edz\u00ed takov\u00e9 s\u00eddlo spole\u010dnosti Praha? \u017de se pt\u00e1te. Pochopiteln\u011b, \u017ee ano. I zde se d\u00e1 naj\u00edt n\u011bkdo, kdo podnikateli umo\u017en\u00ed zaregistrovat si firmu u n\u011bj a kdo mu k tomu nab\u00edz\u00ed i dal\u0161\u00ed dopl\u0148kov\u00e9 slu\u017eby, a to ani\u017e by mu svoji budovu prodal. Tady si lze dohodnout z\u0159\u00edzen\u00ed firemn\u00ed adresy, tady si je mo\u017en\u00e9 nechat p\u0159eb\u00edrat po\u0161tu a vy\u0159izovat ji, tady se daj\u00ed i kr\u00e1tkodob\u011b pronajmout kancel\u00e1\u0159sk\u00e9 prostory\u2026 A pak to vypad\u00e1, jako by podobn\u00e1 firma na takov\u00e9 dokonal\u00e9 adrese s\u00eddlila. I kdy\u017e to tak ve skute\u010dnosti vlastn\u011b nen\u00ed, i kdy\u017e jde jenom o zd\u00e1n\u00ed.A co je na takov\u00e9m virtu\u00e1ln\u00edm s\u00eddle nejlep\u0161\u00ed? Pr\u00e1v\u011b to, \u017ee podnik, kter\u00fd zde ofici\u00e1ln\u011b s\u00eddl\u00ed, z\u00edsk\u00e1 d\u00edky tomuto s\u00eddlu lep\u0161\u00ed pov\u011bst, vzbud\u00ed u\u017e na prvn\u00ed dojem z\u00e1jem a d\u016fv\u011bru, kter\u00e9 by jinak mohl postr\u00e1dat. A to je pro podnik\u00e1n\u00ed \u010dasto d\u016fle\u017eit\u00e9, ne-li p\u0159\u00edmo rozhoduj\u00edc\u00ed. Proto\u017ee dnes na trhu panuje dost siln\u00e1 konkurence, a v\u0161echno, co pom\u016f\u017ee se v n\u00ed prosadit, je d\u016fle\u017eit\u00e9. I kdy\u017e je to jenom n\u011bco, co p\u016fsob\u00ed pouze navenek.                                                                                                                                                                                                                                                                                                                                                                                          3.8\/5 - (6 votes)        "},{"@context":"https:\/\/schema.org\/","@type":"BreadcrumbList","itemListElement":[{"@type":"ListItem","position":1,"name":"Bez s\u00eddla nen\u00ed firma","item":"https:\/\/www.recado.cz\/bez-sidla-neni-firma\/#breadcrumbitem"}]}]