[{"@context":"https:\/\/schema.org\/","@type":"Article","@id":"https:\/\/www.recado.cz\/cerne-minisaty\/#Article","mainEntityOfPage":"https:\/\/www.recado.cz\/cerne-minisaty\/","headline":"\u010cern\u00e9 mini\u0161aty","name":"\u010cern\u00e9 mini\u0161aty","description":"M\u00f3da je n\u011bco, o co se zaj\u00edm\u00e1 opravdu hodn\u011b lid\u00ed a abych byla up\u0159\u00edmn\u00e1, tak o m\u00f3du...","datePublished":"2023-04-30","dateModified":"2023-04-30","author":{"@type":"Person","@id":"https:\/\/www.recado.cz\/author\/#Person","name":"","url":"https:\/\/www.recado.cz\/author\/","identifier":1,"image":{"@type":"ImageObject","@id":"https:\/\/secure.gravatar.com\/avatar\/01173f1da90dde8adb887d6793fa4e42c4004e53f8d645d9b1cb57c2dee8e188?s=96&d=mm&r=g","url":"https:\/\/secure.gravatar.com\/avatar\/01173f1da90dde8adb887d6793fa4e42c4004e53f8d645d9b1cb57c2dee8e188?s=96&d=mm&r=g","height":96,"width":96}},"publisher":{"@type":"Organization","name":"recado.cz","logo":{"@type":"ImageObject","@id":"\/logo.png","url":"\/logo.png","width":600,"height":60}},"image":{"@type":"ImageObject","@id":"https:\/\/www.recado.cz\/wp-content\/uploads\/girl-559307_1280.jpg","url":"https:\/\/www.recado.cz\/wp-content\/uploads\/girl-559307_1280.jpg","height":0,"width":0},"url":"https:\/\/www.recado.cz\/cerne-minisaty\/","about":["M\u00f3da"],"wordCount":439,"articleBody":"M\u00f3da je n\u011bco, o co se zaj\u00edm\u00e1 opravdu hodn\u011b lid\u00ed a abych byla up\u0159\u00edmn\u00e1, tak o m\u00f3du se zaj\u00edmaj\u00ed hlavn\u011b \u017eeny. Nev\u00edm jak vy, ale m\u011b m\u00f3da je\u0161t\u011b do m\u00fdch dvaceti\u00a0let ani tak moc nezaj\u00edmala. Proto\u017ee jsem sp\u00ed\u0161e byla takov\u00fd diskot\u00e9kov\u00fd a velice divok\u00fd typ \u010dlov\u011bka. M\u011bla jsem takovou hodn\u011b dobrodru\u017enou a lehkou povahu. St\u00e1le jsem n\u011bkde cht\u011bla b\u00fdt, cht\u011bla jsem jenom tancovat a nebo b\u00fdt s kamar\u00e1dkama. Ale \u017ee bych se zaj\u00edmala o m\u00f3du, tak to v\u016fbec ne, to p\u0159i\u0161lo a\u017e pozd\u011bji. A\u00a0p\u0159i\u0161lo to s t\u00edm, \u017ee jsem si na\u0161la potom partnera, kter\u00fd byl opravdu velik\u00fd byznysmen a tak\u00e9 cht\u011bl, abych ho reprezentovala t\u0159eba na n\u011bjak\u00fdch firemn\u00edch ve\u010de\u0159\u00edch.\u0158ekla jsem si, \u017ee tohle nebude v\u016fbec probl\u00e9m, jenom\u017ee kdy\u017e jsem potom partnerovi uk\u00e1zala, v \u010dem bych norm\u00e1ln\u011b \u0161la na klasickou ve\u010de\u0159i, tak on se zhrozil a \u0159ekl mi, \u017ee takhle nemodern\u011b nem\u016f\u017eu j\u00edt nikam oble\u010den\u00e1. A u\u017e v\u016fbec ne na firemn\u00ed ve\u010d\u00edrek a nebo na n\u011bjakou d\u016fle\u017eitou firemn\u00ed ve\u010de\u0159i. Tak partner mi uk\u00e1zal na internetu, jak\u00e1 m\u00f3da se nos\u00ed a co je form\u00e1ln\u00ed oble\u010den\u00ed a co je neform\u00e1ln\u00ed oble\u010den\u00ed.\u00a0Samoz\u0159ejm\u011b, \u017ee ch\u00e1pu, co je to form\u00e1ln\u00ed a neform\u00e1ln\u00ed oble\u010den\u00ed. Jenom\u017ee \u017ee jsem netu\u0161ila, \u017ee tohle mus\u00edm tak\u00e9 nosit, kdy\u017e jdu s partnerem na pracovn\u00ed ve\u010de\u0159i, to pr\u00fd mus\u00edm m\u00edt takovou m\u00f3du, kter\u00e9 se \u0159\u00edk\u00e1 form\u00e1ln\u00ed.Tak jsem si nakonec sehnala mal\u00e9 \u010dern\u00e9. Mysl\u00edm si, \u017ee ur\u010dit\u011b ka\u017ed\u00fd \u010dlov\u011bk bude v\u011bd\u011bt, co jsou to mal\u00e9 \u010dern\u00e9. Jsou to takov\u00e9 mini \u0161aty a \u010dern\u00e9. \u0158\u00edk\u00e1 se jim tak\u00e9 \u010dern\u00e9 koktejlky, takov\u00e9hle mal\u00e9 \u010dern\u00e9 \u0161aty se hod\u00ed opravdu v\u0161ude. Pokud nev\u00edte, co si vz\u00edt na sebe, tak si\u00a0v\u017edycky vemte mal\u00e9 \u010dern\u00e9. Podle m\u00e9ho n\u00e1zoru tyto \u0161aty, \u010dern\u00e9 mini \u0161aty jsou takov\u00fdm univerz\u00e1ln\u00edm oble\u010den\u00edm, \u017ee si to m\u016f\u017eete vz\u00edt jak t\u0159eba na voln\u00fd \u010das, tak tak\u00e9 samoz\u0159ejm\u011b na ve\u010de\u0159i a nebo na firemn\u00ed ve\u010d\u00edrek. Proto\u017ee v mal\u00fdch \u010dern\u00fdch absolutn\u011b nikoho neuraz\u00edte. Akor\u00e1t bude v\u011bd\u011bt, \u017ee se zaj\u00edm\u00e1te o m\u00f3du a v\u00edte, jak na to.                                                                                                                                                                                                                                                                                                                                                                                        4.5\/5 - (4 votes)        "},{"@context":"https:\/\/schema.org\/","@type":"BreadcrumbList","itemListElement":[{"@type":"ListItem","position":1,"name":"\u010cern\u00e9 mini\u0161aty","item":"https:\/\/www.recado.cz\/cerne-minisaty\/#breadcrumbitem"}]}]