[{"@context":"https:\/\/schema.org\/","@type":"Article","@id":"https:\/\/www.recado.cz\/darky-pro-zeny\/#Article","mainEntityOfPage":"https:\/\/www.recado.cz\/darky-pro-zeny\/","headline":"D\u00e1rky pro \u017eeny","name":"D\u00e1rky pro \u017eeny","description":"\u017deny, rozmazlujme se. Ka\u017ed\u00fd den se mus\u00edme starat o rodinu, vypravit d\u011bti a man\u017eela do pr\u00e1ce, pak...","datePublished":"2024-12-25","dateModified":"2024-12-25","author":{"@type":"Person","@id":"https:\/\/www.recado.cz\/author\/#Person","name":"","url":"https:\/\/www.recado.cz\/author\/","identifier":1,"image":{"@type":"ImageObject","@id":"https:\/\/secure.gravatar.com\/avatar\/01173f1da90dde8adb887d6793fa4e42c4004e53f8d645d9b1cb57c2dee8e188?s=96&d=mm&r=g","url":"https:\/\/secure.gravatar.com\/avatar\/01173f1da90dde8adb887d6793fa4e42c4004e53f8d645d9b1cb57c2dee8e188?s=96&d=mm&r=g","height":96,"width":96}},"publisher":{"@type":"Organization","name":"recado.cz","logo":{"@type":"ImageObject","@id":"\/logo.png","url":"\/logo.png","width":600,"height":60}},"url":"https:\/\/www.recado.cz\/darky-pro-zeny\/","wordCount":180,"articleBody":"\u017deny, rozmazlujme se. Ka\u017ed\u00fd den se mus\u00edme starat o rodinu, vypravit d\u011bti a man\u017eela do pr\u00e1ce, pak do t\u00e9 pr\u00e1ce mus\u00edme j\u00edt tak\u00e9. Odpoledne zase ten stejn\u00fd koloto\u010d star\u00e1n\u00ed se o dom\u00e1cnost a na sebe nem\u00e1me ani chvilku voln\u00e9ho \u010dasu. Dop\u0159ejme si tedy n\u011bco kr\u00e1sn\u00e9ho na d\u00e1rky pro \u017eeny.D\u00e1rky pro \u017eeny internetov\u00fdm port\u00e1lem ur\u010den\u00fdm nejen pro \u017eeny. Najdeme zde spoustu kr\u00e1sn\u00fdch v\u011bc\u00ed, kter\u00e9 si m\u016f\u017eeme okam\u017eit\u011b za zv\u00fdhodn\u011bn\u00e9 ceny po\u0159\u00eddit dom\u016f. Od \u0161perk\u016f, kosmetiky, p\u0159es mas\u00e1\u017ee a wellness pobyty a\u017e po zahrani\u010dn\u00ed z\u00e1jezdy a podobn\u00e9. To v\u0161e najdeme na jednom jedin\u00e9m m\u00edst\u011b.Rozmazlujme se\u017deny si zaslou\u017e\u00ed to nejlep\u0161\u00ed za v\u0161echnu tu t\u011b\u017ekou pr\u00e1ci, kterou d\u011blaj\u00ed ka\u017ed\u00fd den pro svou vlastn\u00ed rodinu. Proto si ob\u010das m\u016f\u017eeme dovolit n\u011bco kr\u00e1sn\u00e9ho, co n\u00e1m ud\u011bl\u00e1 radost na d\u00e1rky pro \u017eeny.                                                                                                                                                                                                                                                                                                                                                                                        4.2\/5 - (5 votes)        "},{"@context":"https:\/\/schema.org\/","@type":"BreadcrumbList","itemListElement":[{"@type":"ListItem","position":1,"name":"D\u00e1rky pro \u017eeny","item":"https:\/\/www.recado.cz\/darky-pro-zeny\/#breadcrumbitem"}]}]