[{"@context":"https:\/\/schema.org\/","@type":"Article","@id":"https:\/\/www.recado.cz\/jak-na-baleni\/#Article","mainEntityOfPage":"https:\/\/www.recado.cz\/jak-na-baleni\/","headline":"Jak na balen\u00ed","name":"Jak na balen\u00ed","description":"J\u00e1 si mysl\u00edm, \u017ee u\u017e ka\u017ed\u00fd \u010dlov\u011bk n\u011bkdy pos\u00edlal n\u011bjak\u00fd bal\u00edk. A to nap\u0159\u00edklad takov\u00e9 bal\u00edky, kter\u00e9...","datePublished":"2023-08-27","dateModified":"2023-08-27","author":{"@type":"Person","@id":"https:\/\/www.recado.cz\/author\/#Person","name":"","url":"https:\/\/www.recado.cz\/author\/","identifier":1,"image":{"@type":"ImageObject","@id":"https:\/\/secure.gravatar.com\/avatar\/01173f1da90dde8adb887d6793fa4e42c4004e53f8d645d9b1cb57c2dee8e188?s=96&d=mm&r=g","url":"https:\/\/secure.gravatar.com\/avatar\/01173f1da90dde8adb887d6793fa4e42c4004e53f8d645d9b1cb57c2dee8e188?s=96&d=mm&r=g","height":96,"width":96}},"publisher":{"@type":"Organization","name":"recado.cz","logo":{"@type":"ImageObject","@id":"\/logo.png","url":"\/logo.png","width":600,"height":60}},"image":{"@type":"ImageObject","@id":"https:\/\/www.recado.cz\/wp-content\/uploads\/paper-3155438_1280.jpg","url":"https:\/\/www.recado.cz\/wp-content\/uploads\/paper-3155438_1280.jpg","height":0,"width":0},"url":"https:\/\/www.recado.cz\/jak-na-baleni\/","wordCount":422,"articleBody":"      J\u00e1 si mysl\u00edm, \u017ee u\u017e ka\u017ed\u00fd \u010dlov\u011bk n\u011bkdy pos\u00edlal n\u011bjak\u00fd bal\u00edk. A to nap\u0159\u00edklad takov\u00e9 bal\u00edky, kter\u00e9 jsou nap\u0159\u00edklad opravdu k\u0159ehk\u00e9, \u017ee tak\u00e9 pot\u0159ebuj\u00ed n\u011bjak\u00e9 speci\u00e1ln\u00ed zach\u00e1zen\u00ed, aby ten bal\u00edk tak\u00e9 dorazil opravdu poctiv\u011b a hlavn\u011b v po\u0159\u00e1dku ke sv\u00e9mu objednavateli. J\u00e1 jsem kolikr\u00e1t tak\u00e9 prod\u00e1vala keramiku, kterou jsem d\u011blala sama ve sklep\u011b a ru\u010dn\u011b ji vyr\u00e1b\u011bla. Opravdu hodn\u011b m\u011b to bavilo a jako mal\u00e9 d\u00edt\u011b jsem tak\u00e9 chodila do n\u011bkolika krou\u017ek\u016f keramiky a tak\u00e9 kreslen\u00ed, co\u017e m\u011b opravdu hodn\u011b bavilo. Tak\u017ee potom nebylo v\u016fbec nic divn\u00e9ho na tom, kdy\u017e jsem se tak\u00e9 potom pozd\u011bji keramikou za\u010dala \u017eivit. Sice tak\u00e9 ob\u010das maluji obrazy, ale keramika m\u011b nejv\u00edce bav\u00ed a tak\u00e9 jsem na to nejv\u00edce \u0161ikovn\u00e1.Tak\u017ee jsem potom tak\u00e9 za\u010dala vyr\u00e1b\u011bt keramick\u00e9 kv\u011btin\u00e1\u010de a nebo dekorace na p\u0159\u00e1n\u00ed a potom jsem je tak\u00e9 pos\u00edlala sv\u00fdm z\u00e1kazn\u00edk\u016fm. M\u011bla jsem tedy sice nejv\u00edce z\u00e1kaznic, ale tak\u00e9 se na\u0161li mezi nimi p\u00e1nov\u00e9, kte\u0159\u00ed ocenili m\u00e9 keramick\u00e9 kv\u011btin\u00e1\u010de a nebo r\u016fzn\u00e9 dekorace. Je logick\u00e9, \u017ee potom budu pot\u0159ebovat tak\u00e9 kvalitn\u00ed v\u00fdpl\u0148ov\u00e9 materi\u00e1ly do krabic, odkud budu potom pos\u00edlat sv\u00e9 v\u00fdrobky. Moc se mi osv\u011bd\u010dila sl\u00e1ma, ale tak\u00e9 kraftov\u00fd pap\u00edr. Pokud jste je\u0161t\u011b nesly\u0161eli v\u016fbec o kraftov\u00e9ho pap\u00edru a nebo co je to v\u016fbec kraftov\u00fd pap\u00edr a jak vypad\u00e1, tak ur\u010dit\u011b na internetu, kdy\u017e si d\u00e1te do vyhled\u00e1va\u010de, co je to kraftov\u00fd pap\u00edr, tak v\u00e1m jist\u011b vyjede opravdu hodn\u011b odkaz\u016f.J\u00e1 sama na tento kraftov\u00fd pap\u00edr ned\u00e1m dopustit. Poka\u017ed\u00e9, ne\u017e v\u0161echno po\u0159\u00e1dn\u011b zabal\u00edm, tak prvn\u011b sv\u016fj v\u00fdrobek, jako nap\u0159\u00edklad naposledy jsem d\u011blala z keramiky slunce, tak jsem ho cel\u00e9 obalila kraftov\u00fdm pap\u00edrem. Mohu se zaru\u010dit, \u017ee opravdu tohle zbo\u017e\u00ed dorazilo k z\u00e1kazn\u00edkovi v po\u0159\u00e1dku. I v\u0161echny paprsky  https:\/\/www.databazeknih.cz\/knihy\/paprsky-smrti-inzenyra-garina-62780 od slun\u00ed\u010dka byly v po\u0159\u00e1dku a byly neporu\u0161en\u00e9. Tak\u017ee kraftov\u00fd pap\u00edr je u m\u011b v\u00e1\u017en\u011b \u010d\u00edslo jedna, pokud chci n\u011bkomu poslat n\u011bjak\u00fd k\u0159ehk\u00fd bal\u00edk a v\u00edm, \u017ee t\u0159eba po\u0161tovn\u00ed slu\u017eba nebude tak citliv\u00e1.                                                                                                                                                                                                                                                                                                                                                                                           4\/5 - (3 votes)        "},{"@context":"https:\/\/schema.org\/","@type":"BreadcrumbList","itemListElement":[{"@type":"ListItem","position":1,"name":"Jak na balen\u00ed","item":"https:\/\/www.recado.cz\/jak-na-baleni\/#breadcrumbitem"}]}]