[{"@context":"https:\/\/schema.org\/","@type":"Article","@id":"https:\/\/www.recado.cz\/kdyz-mame-sidlo-firmy-ve-velkem-meste\/#Article","mainEntityOfPage":"https:\/\/www.recado.cz\/kdyz-mame-sidlo-firmy-ve-velkem-meste\/","headline":"Kdy\u017e m\u00e1me s\u00eddlo firmy ve velk\u00e9m m\u011bst\u011b","name":"Kdy\u017e m\u00e1me s\u00eddlo firmy ve velk\u00e9m m\u011bst\u011b","description":"Napadlo v\u00e1s n\u011bkdy polo\u017eit si ot\u00e1zku, pro\u010d si vlastn\u011b podnikatelsk\u00e9 subjekty z\u0159izuj\u00ed s\u00eddlo firmy jinde, ne\u017e kde...","datePublished":"2025-02-11","dateModified":"2025-02-11","author":{"@type":"Person","@id":"https:\/\/www.recado.cz\/author\/#Person","name":"","url":"https:\/\/www.recado.cz\/author\/","identifier":1,"image":{"@type":"ImageObject","@id":"https:\/\/secure.gravatar.com\/avatar\/01173f1da90dde8adb887d6793fa4e42c4004e53f8d645d9b1cb57c2dee8e188?s=96&d=mm&r=g","url":"https:\/\/secure.gravatar.com\/avatar\/01173f1da90dde8adb887d6793fa4e42c4004e53f8d645d9b1cb57c2dee8e188?s=96&d=mm&r=g","height":96,"width":96}},"publisher":{"@type":"Organization","name":"recado.cz","logo":{"@type":"ImageObject","@id":"\/logo.png","url":"\/logo.png","width":600,"height":60}},"image":{"@type":"ImageObject","@id":"https:\/\/www.recado.cz\/wp-content\/uploads\/roofs-1530012_640_2.jpg","url":"https:\/\/www.recado.cz\/wp-content\/uploads\/roofs-1530012_640_2.jpg","height":0,"width":0},"url":"https:\/\/www.recado.cz\/kdyz-mame-sidlo-firmy-ve-velkem-meste\/","about":["Spole\u010dnosti"],"wordCount":406,"articleBody":"        Napadlo v\u00e1s n\u011bkdy polo\u017eit si ot\u00e1zku, pro\u010d si vlastn\u011b podnikatelsk\u00e9 subjekty z\u0159izuj\u00ed s\u00eddlo firmy jinde, ne\u017e kde se re\u00e1ln\u011b fyzicky vyskytuj\u00ed? Nap\u0159\u00edklad maj\u00ed s\u00eddlo firmy v Praze a provozovnu mimo Prahu na \u00fapln\u011b jin\u00e9m m\u00edst\u011b. V\u0161e m\u00e1 sv\u016fj d\u016fvod a svou p\u0159\u00ed\u010dinu i n\u00e1sledek a chceme-li l\u00e9pe porozum\u011bt tomuto jevu, m\u011bli bychom br\u00e1t v potaz celou \u0159adu okolnost\u00ed.Finan\u010dn\u00ed \u00fa\u0159ad \u2013 tyto instituce prov\u00e1d\u00ed nam\u00e1tkovou kontrolu (p\u0159\u00edpadn\u011b kontrolu na ud\u00e1n\u00ed) podnikatel\u016f, kte\u0159\u00ed odv\u00e1d\u00ed dan\u011b do st\u00e1tn\u00ed pokladny a vypl\u0148uj\u00ed da\u0148ov\u00e1 p\u0159izn\u00e1n\u00ed. Jestli\u017ee kontrola zjist\u00ed n\u011bjak\u00e9 nedostatky, jsou doty\u010dn\u00ed penalizov\u00e1ni, a to jak v p\u0159\u00edpad\u011b \u00famysln\u00e9ho podvodu, tak i ne\u00famysln\u00e9ho omylu \u010di opomenut\u00ed. Ka\u017ed\u00e1 kontrola je sp\u00ed\u0161e stresuj\u00edc\u00ed, proto\u017ee k tomu m\u016f\u017eete p\u0159istoupit t\u0159eba takto: \u201eCo kdy\u017e jsem na n\u011bco zapomn\u011bl a te\u010f budu platit pokutu\u2026\u201cPravd\u011bpodobnost kontroly z finan\u010d\u00e1ku je pom\u011brn\u011b vysok\u00e1, pokud m\u00e1te nahl\u00e1\u0161en\u00e9 s\u00eddlo firmy na mal\u00e9m okrese, tedy t\u0159eba v m\u00edst\u011b bydli\u0161t\u011b. Ale pokud se situujete se s\u00eddlem firmy do Prahy, zde je ji\u017e nahl\u00e1\u0161eno tolik firemn\u00edch s\u00eddel, \u017ee je tu pravd\u011bpodobnost (nam\u00e1tkov\u00e9) kontroly tak jednou za sto a\u017e dv\u011b st\u011b let.Lid\u00e9, co se tv\u00e1\u0159\u00ed, \u017ee v\u00e1s maj\u00ed r\u00e1di \u2013 tak\u00e9 m\u00e1te kolem sebe n\u011bkter\u00e9 jedince, kte\u0159\u00ed lidov\u011b \u0159e\u010deno \u201ek\u00e1\u017eou vodu a pij\u00ed v\u00edno\u201c? Respektive n\u011bco jin\u00e9ho v\u00e1m vykl\u00e1daj\u00ed a odli\u0161n\u011b pak jednaj\u00ed? Nap\u0159\u00edklad v\u00e1m vykl\u00e1daj\u00ed, jak v\u00e1s maj\u00ed r\u00e1di, a jak jste pro n\u011b d\u016fle\u017eit\u00ed, p\u0159itom v\u00e1s za z\u00e1dy pomlouvaj\u00ed? P\u0159ed takov\u00fdmi lidmi je t\u0159eba m\u00edt se na pozoru a rozhodn\u011b jim nevykl\u00e1dat detaily ze sv\u00e9ho soukrom\u00e9ho \u017eivota, a teprve ne o va\u0161em podnik\u00e1n\u00ed. M\u00e1te-li s\u00eddlo firmy mimo va\u0161e bydli\u0161t\u011b, bude se v\u00e1m sn\u00e1ze t\u011bmto lidem vyh\u00fdbat, proto\u017ee o va\u0161em \u017eivot\u011b se toho mnoho nedozv\u00ed. A chr\u00e1nit si vlastn\u00ed soukrom\u00ed, to je v sou\u010dasn\u00e9 dob\u011b naprosto z\u00e1sadn\u00ed a d\u016fle\u017eit\u00e1 v\u011bc pro eliminaci stresu a klidn\u00fd \u017eivot. Nezapom\u00ednejte na to.                                                                                                                                                                                                                                                                                                                                                                                          4.4\/5 - (5 votes)        "},{"@context":"https:\/\/schema.org\/","@type":"BreadcrumbList","itemListElement":[{"@type":"ListItem","position":1,"name":"Kdy\u017e m\u00e1me s\u00eddlo firmy ve velk\u00e9m m\u011bst\u011b","item":"https:\/\/www.recado.cz\/kdyz-mame-sidlo-firmy-ve-velkem-meste\/#breadcrumbitem"}]}]