[{"@context":"https:\/\/schema.org\/","@type":"Article","@id":"https:\/\/www.recado.cz\/kolekce-ktere-vam-vezmou-dech\/#Article","mainEntityOfPage":"https:\/\/www.recado.cz\/kolekce-ktere-vam-vezmou-dech\/","headline":"Kolekce, kter\u00e9 V\u00e1m vezmou dech","name":"Kolekce, kter\u00e9 V\u00e1m vezmou dech","description":"V\u00edte, \u017ee ka\u017edou m\u00edstnost m\u016f\u017eete m\u00edt jinou? Na\u0161e kolekce textili\u00ed a dekora\u010dn\u00ed l\u00e1tky, ze kter\u00fdch V\u00e1m vytvo\u0159\u00edme...","datePublished":"2025-01-01","dateModified":"2025-01-01","author":{"@type":"Person","@id":"https:\/\/www.recado.cz\/author\/#Person","name":"","url":"https:\/\/www.recado.cz\/author\/","identifier":1,"image":{"@type":"ImageObject","@id":"https:\/\/secure.gravatar.com\/avatar\/01173f1da90dde8adb887d6793fa4e42c4004e53f8d645d9b1cb57c2dee8e188?s=96&d=mm&r=g","url":"https:\/\/secure.gravatar.com\/avatar\/01173f1da90dde8adb887d6793fa4e42c4004e53f8d645d9b1cb57c2dee8e188?s=96&d=mm&r=g","height":96,"width":96}},"publisher":{"@type":"Organization","name":"recado.cz","logo":{"@type":"ImageObject","@id":"\/logo.png","url":"\/logo.png","width":600,"height":60}},"url":"https:\/\/www.recado.cz\/kolekce-ktere-vam-vezmou-dech\/","wordCount":172,"articleBody":"V\u00edte, \u017ee ka\u017edou m\u00edstnost m\u016f\u017eete m\u00edt jinou? Na\u0161e kolekce textili\u00ed a dekora\u010dn\u00ed l\u00e1tky, ze kter\u00fdch V\u00e1m vytvo\u0159\u00edme nov\u00fd design Va\u0161\u00ed sedac\u00ed soupravy nebo j\u00eddelny, budete m\u00edt na m\u00edru a ve stylu Va\u0161eho bytu. M\u016f\u017eete si vybrat jen jednotliv\u00e9 \u010d\u00e1sti kout\u016f interi\u00e9ru, vyu\u017e\u00edt k dekorac\u00edm d\u011btsk\u00fd pokoj i m\u00edstnost pro hran\u00ed s Va\u0161imi zv\u00ed\u0159ec\u00edmi p\u0159\u00e1teli.Oku lahod\u00edc\u00ed design a prakti\u010dnostJinak to ani nejde, na tom je postaveno kouzlo vyu\u017eit\u00ed v praxi, dekora\u010dn\u00ed l\u00e1tky kombinujeme a doporu\u010dujeme tak, aby jste si mohli vybrat kvalitn\u011b. V\u00fdznam maj\u00ed tehdy, kdy\u017e s nimi m\u016f\u017eete voln\u011b manipulovat, m\u011bnit je podle ostatn\u00edch v\u011bc\u00ed v byt\u011b a postupn\u011b k nim d\u00e1vat i stejn\u00e9 textiln\u00ed dopl\u0148ky. N\u00e1ro\u010dn\u00e9 i levn\u00e9, kompletn\u00ed kolekce i metr\u00e1\u017e, navrhneme V\u00e1m kombinaci do lo\u017enice ve variant\u011b na ka\u017ed\u00e9 ro\u010dn\u00ed obdob\u00ed.                                                                                                                                                                                                                                                                                                                                                                                        3\/5 - (1 vote)        "},{"@context":"https:\/\/schema.org\/","@type":"BreadcrumbList","itemListElement":[{"@type":"ListItem","position":1,"name":"Kolekce, kter\u00e9 V\u00e1m vezmou dech","item":"https:\/\/www.recado.cz\/kolekce-ktere-vam-vezmou-dech\/#breadcrumbitem"}]}]