[{"@context":"https:\/\/schema.org\/","@type":"Article","@id":"https:\/\/www.recado.cz\/oboci-jako-ze-zurnalu\/#Article","mainEntityOfPage":"https:\/\/www.recado.cz\/oboci-jako-ze-zurnalu\/","headline":"Obo\u010d\u00ed jako ze \u017eurn\u00e1lu","name":"Obo\u010d\u00ed jako ze \u017eurn\u00e1lu","description":"M\u00e1lokter\u00e1 \u017eena je spokojena s tvarem a hustotou sv\u00e9ho obo\u010d\u00ed. Star\u0161\u00ed ro\u010dn\u00edky si st\u011b\u017euj\u00ed pr\u00e1v\u011b na jeho...","datePublished":"2019-01-26","dateModified":"2019-01-26","author":{"@type":"Person","@id":"https:\/\/www.recado.cz\/author\/#Person","name":"","url":"https:\/\/www.recado.cz\/author\/","identifier":1,"image":{"@type":"ImageObject","@id":"https:\/\/secure.gravatar.com\/avatar\/01173f1da90dde8adb887d6793fa4e42c4004e53f8d645d9b1cb57c2dee8e188?s=96&d=mm&r=g","url":"https:\/\/secure.gravatar.com\/avatar\/01173f1da90dde8adb887d6793fa4e42c4004e53f8d645d9b1cb57c2dee8e188?s=96&d=mm&r=g","height":96,"width":96}},"publisher":{"@type":"Organization","name":"recado.cz","logo":{"@type":"ImageObject","@id":"\/logo.png","url":"\/logo.png","width":600,"height":60}},"image":{"@type":"ImageObject","@id":"https:\/\/www.recado.cz\/wp-content\/uploads\/img_a340625_w2370_t1553581970.jpg","url":"https:\/\/www.recado.cz\/wp-content\/uploads\/img_a340625_w2370_t1553581970.jpg","height":0,"width":0},"url":"https:\/\/www.recado.cz\/oboci-jako-ze-zurnalu\/","wordCount":404,"articleBody":"M\u00e1lokter\u00e1 \u017eena je spokojena s tvarem a hustotou sv\u00e9ho obo\u010d\u00ed. Star\u0161\u00ed ro\u010dn\u00edky si st\u011b\u017euj\u00ed pr\u00e1v\u011b na jeho hustotu, proto\u017ee m\u00f3dn\u00ed trendy sedmdes\u00e1t\u00fdch let velely p\u011bstovat obo\u010d\u00ed v co nejten\u010d\u00ed linii. Jeho d\u016fsledn\u00e9 vytrh\u00e1v\u00e1n\u00ed, nebo vyholov\u00e1n\u00ed pak zap\u0159\u00ed\u010dinilo to, \u017ee se jeho p\u016fvodn\u00ed, p\u0159irozen\u00e1 p\u0159\u00edrodn\u00ed linie i p\u0159i sebev\u011bt\u0161\u00ed snaze u\u017e nevr\u00e1tila. D\u00edvky a \u017eeny sou\u010dasn\u00e9 generace zase \u017e\u00e1daj\u00ed tvary, kter\u00e9 jsou \u0159ekn\u011bme a\u017e abnorm\u00e1ln\u00ed, a vid\u00edme je sp\u00ed\u0161e u celebrit vystupuj\u00edc\u00edch v m\u00e9di\u00edch.Nicm\u00e9n\u011b dne\u0161n\u00ed kosmetick\u00e9 salony nab\u00edzej\u00ed mnoho zp\u016fsob\u016f, jak \u017een\u00e1m jejich p\u0159\u00e1n\u00ed splnit.Pod\u00edvejme se tedy na n\u011bkter\u00e9 z nich:\u00a0\u00b7\u00a0\u00a0\u00a0\u00a0\u00a0\u00a0\u00a0\u00a0\u00a0\u00a0\u00a0\u00a0\u00a0\u00a0\u00a0\u00a0\u00a0\u00a0\u00a0 3D vl\u00e1skov\u00e1n\u00ed\u2013 technika, kdy se pomoc\u00ed speci\u00e1ln\u00edho pera s mnoha vlo\u017een\u00fdmi\u00a0 \u00a0\u00a0\u00a0\u00a0\u00a0\u00a0\u00a0\u00a0\u00a0\u00a0\u00a0\u00a0\u00a0\u00a0 \u010depelkami na\u0159\u00edzne k\u016f\u017ee a do n\u00ed pak n\u00e1sledn\u011b vet\u0159e p\u0159\u00edrodn\u00ed pigment ve dvou i v\u00edce \u00a0\u00a0 barevn\u00fdch t\u00f3nech. T\u00edmto zp\u016fsobem se dos\u00e1hne optick\u00e9ho dojmu skute\u010dn\u00e9ho chloupku.Tato modelace je vhodn\u00e1 pro \u017eeny, kter\u00fdm chyb\u00ed v\u00edce chloupk\u016f v obo\u010d\u00ed, nebo o n\u011bj p\u0159i\u0161ly v d\u016fsledku chemoterapie, nebo onemocn\u011bn\u00edch spojen\u00fdch se \u0161t\u00edtnou \u017el\u00e1zou.\u00a0\u00b7\u00a0\u00a0\u00a0\u00a0\u00a0\u00a0\u00a0\u00a0\u00a0\u00a0\u00a0\u00a0\u00a0\u00a0\u00a0\u00a0\u00a0\u00a0\u00a0 Pudrov\u00e9 obo\u010d\u00ed\u2013 vypln\u011bn\u00ed pr\u00e1zdn\u00fdch m\u00edst mezi chloupky drobn\u00fdmi mikrote\u010dkami, kter\u00e9\u00a0 \u00a0\u00a0\u00a0\u00a0\u00a0\u00a0\u00a0\u00a0\u00a0\u00a0 p\u0159idaj\u00ed jak na hustot\u011b, tak na objemu.\u00a0\u00b7\u00a0\u00a0\u00a0\u00a0\u00a0\u00a0\u00a0\u00a0\u00a0\u00a0\u00a0\u00a0\u00a0\u00a0\u00a0\u00a0\u00a0\u00a0\u00a0 Vl\u00e1skov\u00e1n\u00ed s pudrov\u00fdm odst\u00ednem\u2013 jak n\u00e1zev napov\u00edd\u00e1, obo\u010d\u00ed je tvarov\u00e1no dv\u011bma \u00a0\u00a0\u00a0\u00a0\u00a0\u00a0\u00a0\u00a0 \u00a0\u00a0\u00a0\u00a0\u00a0\u00a0\u00a0\u00a0\u00a0\u00a0\u00a0 technikami. Z\u00e1klad je tvo\u0159en pr\u00e1v\u011b st\u00ednov\u00e1n\u00edm sv\u011btlej\u0161\u00edch odst\u00edn\u016f a povrch dolad\u011bn \u00a0\u00a0\u00a0\u00a0\u00a0\u00a0\u00a0\u00a0\u00a0\u00a0\u00a0\u00a0\u00a0\u00a0\u00a0\u00a0\u00a0 tvrd\u0161\u00edm pigmentem, tak\u017ee celek p\u016fsob\u00ed velmi hust\u011b, ale z\u00e1rove\u0148 p\u0159irozen\u011b.\u00a0T\u00e9to procedu\u0159e p\u0159edch\u00e1z\u00ed v\u017edy osobn\u00ed konzultace s certifikovan\u00fdm odborn\u00edkem. Ten s v\u00e1mi prodiskutuje linii va\u0161eho nov\u00e9ho obo\u010d\u00ed s ohledem na tvar va\u0161eho obli\u010deje, barvu vlas\u016f, a tak\u00e9 ot\u00e1zky, t\u00fdkaj\u00edc\u00ed se p\u0159\u00edpadn\u00fdch alergi\u00ed, krv\u00e1civosti a sn\u00e1\u0161enlivosti bolesti, i kdy\u017e tato procedura b\u00fdv\u00e1 sn\u00e1\u0161ena obecn\u011b velmi dob\u0159e.Po prvn\u00edm z\u00e1kroku n\u00e1sleduje obvykle za \u010dty\u0159i a\u017e \u0161est t\u00fddn\u016f je\u0161t\u011b jedna korekce, kdy se uprav\u00ed drobn\u00e9 nedostatky, kter\u00e9 v\u011bt\u0161inou vznikaj\u00ed p\u0159i hojen\u00ed.                                                                                                                                                                                                                                                                                                                                                                                        4.4\/5 - (9 votes)        "},{"@context":"https:\/\/schema.org\/","@type":"BreadcrumbList","itemListElement":[{"@type":"ListItem","position":1,"name":"Obo\u010d\u00ed jako ze \u017eurn\u00e1lu","item":"https:\/\/www.recado.cz\/oboci-jako-ze-zurnalu\/#breadcrumbitem"}]}]