[{"@context":"https:\/\/schema.org\/","@type":"Blog","@id":"https:\/\/www.recado.cz#Blog","headline":"Recado","description":"\nPen\u00edze dnes vl\u00e1dnou celi\u010dk\u00e9mu sv\u011btu. A proto chce b\u00fdt ka\u017ed\u00fd t\u011bmito dostate\u010dn\u011b zaji\u0161t\u011bn\u00fd, aby z\u00a0t\u00e9to jejich nadvl\u00e1dy nad sv\u011btem tak\u00e9 n\u011bco m\u011bl.","url":"https:\/\/www.recado.cz","hasPart":[{"@type":"Article","@id":"https:\/\/www.recado.cz\/snowkiting\/","headline":"Snowkiting","url":"https:\/\/www.recado.cz\/snowkiting\/","datePublished":"2025-04-16","dateModified":"2025-04-16","mainEntityOfPage":"https:\/\/www.recado.cz\/snowkiting\/","author":{"@type":"Person","@id":"https:\/\/www.recado.cz\/author\/#Person","name":"","url":"https:\/\/www.recado.cz\/author\/","identifier":1,"image":{"@type":"ImageObject","@id":"https:\/\/secure.gravatar.com\/avatar\/01173f1da90dde8adb887d6793fa4e42c4004e53f8d645d9b1cb57c2dee8e188?s=96&d=mm&r=g","url":"https:\/\/secure.gravatar.com\/avatar\/01173f1da90dde8adb887d6793fa4e42c4004e53f8d645d9b1cb57c2dee8e188?s=96&d=mm&r=g","height":96,"width":96}},"publisher":{"@type":"Organization","name":"recado.cz","logo":{"@type":"ImageObject","@id":"\/logo.png","url":"\/logo.png","width":600,"height":60}},"image":null,"wordCount":214,"keywords":null},{"@type":"Article","@id":"https:\/\/www.recado.cz\/sdelte-svetu-svuj-nazor\/","headline":"Sd\u011blte sv\u011btu sv\u016fj n\u00e1zor!","url":"https:\/\/www.recado.cz\/sdelte-svetu-svuj-nazor\/","datePublished":"2025-04-09","dateModified":"2025-04-09","mainEntityOfPage":"https:\/\/www.recado.cz\/sdelte-svetu-svuj-nazor\/","author":{"@type":"Person","@id":"https:\/\/www.recado.cz\/author\/#Person","name":"","url":"https:\/\/www.recado.cz\/author\/","identifier":1,"image":{"@type":"ImageObject","@id":"https:\/\/secure.gravatar.com\/avatar\/01173f1da90dde8adb887d6793fa4e42c4004e53f8d645d9b1cb57c2dee8e188?s=96&d=mm&r=g","url":"https:\/\/secure.gravatar.com\/avatar\/01173f1da90dde8adb887d6793fa4e42c4004e53f8d645d9b1cb57c2dee8e188?s=96&d=mm&r=g","height":96,"width":96}},"publisher":{"@type":"Organization","name":"recado.cz","logo":{"@type":"ImageObject","@id":"\/logo.png","url":"\/logo.png","width":600,"height":60}},"image":null,"wordCount":227,"keywords":null},{"@type":"Article","@id":"https:\/\/www.recado.cz\/velmi-vhodny-do-velkych-kancelari\/","headline":"Velmi vhodn\u00fd do velk\u00fdch kancel\u00e1\u0159\u00ed","url":"https:\/\/www.recado.cz\/velmi-vhodny-do-velkych-kancelari\/","datePublished":"2025-03-30","dateModified":"2025-03-30","mainEntityOfPage":"https:\/\/www.recado.cz\/velmi-vhodny-do-velkych-kancelari\/","author":{"@type":"Person","@id":"https:\/\/www.recado.cz\/author\/#Person","name":"","url":"https:\/\/www.recado.cz\/author\/","identifier":1,"image":{"@type":"ImageObject","@id":"https:\/\/secure.gravatar.com\/avatar\/01173f1da90dde8adb887d6793fa4e42c4004e53f8d645d9b1cb57c2dee8e188?s=96&d=mm&r=g","url":"https:\/\/secure.gravatar.com\/avatar\/01173f1da90dde8adb887d6793fa4e42c4004e53f8d645d9b1cb57c2dee8e188?s=96&d=mm&r=g","height":96,"width":96}},"publisher":{"@type":"Organization","name":"recado.cz","logo":{"@type":"ImageObject","@id":"\/logo.png","url":"\/logo.png","width":600,"height":60}},"image":null,"wordCount":181,"keywords":null},{"@type":"Article","@id":"https:\/\/www.recado.cz\/vice-svetla-do-vaseho-domova\/","headline":"V\u00edce sv\u011btla do va\u0161eho domova","url":"https:\/\/www.recado.cz\/vice-svetla-do-vaseho-domova\/","datePublished":"2025-03-23","dateModified":"2025-03-23","mainEntityOfPage":"https:\/\/www.recado.cz\/vice-svetla-do-vaseho-domova\/","author":{"@type":"Person","@id":"https:\/\/www.recado.cz\/author\/#Person","name":"","url":"https:\/\/www.recado.cz\/author\/","identifier":1,"image":{"@type":"ImageObject","@id":"https:\/\/secure.gravatar.com\/avatar\/01173f1da90dde8adb887d6793fa4e42c4004e53f8d645d9b1cb57c2dee8e188?s=96&d=mm&r=g","url":"https:\/\/secure.gravatar.com\/avatar\/01173f1da90dde8adb887d6793fa4e42c4004e53f8d645d9b1cb57c2dee8e188?s=96&d=mm&r=g","height":96,"width":96}},"publisher":{"@type":"Organization","name":"recado.cz","logo":{"@type":"ImageObject","@id":"\/logo.png","url":"\/logo.png","width":600,"height":60}},"image":null,"wordCount":271,"keywords":null},{"@type":"Article","@id":"https:\/\/www.recado.cz\/co-jist-kdyz-je-nam-nad-40\/","headline":"Co j\u00edst, kdy\u017e je n\u00e1m nad 40","url":"https:\/\/www.recado.cz\/co-jist-kdyz-je-nam-nad-40\/","datePublished":"2025-03-19","dateModified":"2025-03-19","mainEntityOfPage":"https:\/\/www.recado.cz\/co-jist-kdyz-je-nam-nad-40\/","author":{"@type":"Person","@id":"https:\/\/www.recado.cz\/author\/#Person","name":"","url":"https:\/\/www.recado.cz\/author\/","identifier":1,"image":{"@type":"ImageObject","@id":"https:\/\/secure.gravatar.com\/avatar\/01173f1da90dde8adb887d6793fa4e42c4004e53f8d645d9b1cb57c2dee8e188?s=96&d=mm&r=g","url":"https:\/\/secure.gravatar.com\/avatar\/01173f1da90dde8adb887d6793fa4e42c4004e53f8d645d9b1cb57c2dee8e188?s=96&d=mm&r=g","height":96,"width":96}},"publisher":{"@type":"Organization","name":"recado.cz","logo":{"@type":"ImageObject","@id":"\/logo.png","url":"\/logo.png","width":600,"height":60}},"image":{"@type":"ImageObject","@id":"https:\/\/www.recado.cz\/wp-content\/uploads\/img_a329408_w2744_t1541864479.jpg","url":"https:\/\/www.recado.cz\/wp-content\/uploads\/img_a329408_w2744_t1541864479.jpg","height":0,"width":0},"wordCount":498,"keywords":null},{"@type":"Article","@id":"https:\/\/www.recado.cz\/vypestujte-si-nahrazku-cukru\/","headline":"Vyp\u011bstujte si n\u00e1hra\u017eku cukru","url":"https:\/\/www.recado.cz\/vypestujte-si-nahrazku-cukru\/","datePublished":"2025-03-17","dateModified":"2025-03-17","mainEntityOfPage":"https:\/\/www.recado.cz\/vypestujte-si-nahrazku-cukru\/","author":{"@type":"Person","@id":"https:\/\/www.recado.cz\/author\/#Person","name":"","url":"https:\/\/www.recado.cz\/author\/","identifier":1,"image":{"@type":"ImageObject","@id":"https:\/\/secure.gravatar.com\/avatar\/01173f1da90dde8adb887d6793fa4e42c4004e53f8d645d9b1cb57c2dee8e188?s=96&d=mm&r=g","url":"https:\/\/secure.gravatar.com\/avatar\/01173f1da90dde8adb887d6793fa4e42c4004e53f8d645d9b1cb57c2dee8e188?s=96&d=mm&r=g","height":96,"width":96}},"publisher":{"@type":"Organization","name":"recado.cz","logo":{"@type":"ImageObject","@id":"\/logo.png","url":"\/logo.png","width":600,"height":60}},"image":null,"wordCount":493,"keywords":null},{"@type":"Article","@id":"https:\/\/www.recado.cz\/jen-my-vam-garantujeme-expresni-termin-vypracovani-penb\/","headline":"Jen my V\u00e1m garantujeme expresn\u00ed term\u00edn vypracov\u00e1n\u00ed PENB","url":"https:\/\/www.recado.cz\/jen-my-vam-garantujeme-expresni-termin-vypracovani-penb\/","datePublished":"2025-03-14","dateModified":"2025-03-14","mainEntityOfPage":"https:\/\/www.recado.cz\/jen-my-vam-garantujeme-expresni-termin-vypracovani-penb\/","author":{"@type":"Person","@id":"https:\/\/www.recado.cz\/author\/#Person","name":"","url":"https:\/\/www.recado.cz\/author\/","identifier":1,"image":{"@type":"ImageObject","@id":"https:\/\/secure.gravatar.com\/avatar\/01173f1da90dde8adb887d6793fa4e42c4004e53f8d645d9b1cb57c2dee8e188?s=96&d=mm&r=g","url":"https:\/\/secure.gravatar.com\/avatar\/01173f1da90dde8adb887d6793fa4e42c4004e53f8d645d9b1cb57c2dee8e188?s=96&d=mm&r=g","height":96,"width":96}},"publisher":{"@type":"Organization","name":"recado.cz","logo":{"@type":"ImageObject","@id":"\/logo.png","url":"\/logo.png","width":600,"height":60}},"image":null,"wordCount":218,"keywords":null},{"@type":"Article","@id":"https:\/\/www.recado.cz\/jednou-bude-jako-jeho-otec\/","headline":"Jednou bude jako jeho otec","url":"https:\/\/www.recado.cz\/jednou-bude-jako-jeho-otec\/","datePublished":"2025-03-06","dateModified":"2025-03-06","mainEntityOfPage":"https:\/\/www.recado.cz\/jednou-bude-jako-jeho-otec\/","author":{"@type":"Person","@id":"https:\/\/www.recado.cz\/author\/#Person","name":"","url":"https:\/\/www.recado.cz\/author\/","identifier":1,"image":{"@type":"ImageObject","@id":"https:\/\/secure.gravatar.com\/avatar\/01173f1da90dde8adb887d6793fa4e42c4004e53f8d645d9b1cb57c2dee8e188?s=96&d=mm&r=g","url":"https:\/\/secure.gravatar.com\/avatar\/01173f1da90dde8adb887d6793fa4e42c4004e53f8d645d9b1cb57c2dee8e188?s=96&d=mm&r=g","height":96,"width":96}},"publisher":{"@type":"Organization","name":"recado.cz","logo":{"@type":"ImageObject","@id":"\/logo.png","url":"\/logo.png","width":600,"height":60}},"image":{"@type":"ImageObject","@id":"https:\/\/www.recado.cz\/wp-content\/uploads\/img_a291643_w2056_t1504096779.jpg","url":"https:\/\/www.recado.cz\/wp-content\/uploads\/img_a291643_w2056_t1504096779.jpg","height":0,"width":0},"wordCount":534,"keywords":null},{"@type":"Article","@id":"https:\/\/www.recado.cz\/uvadime-do-provozu-domaci-pekarnu\/","headline":"Uv\u00e1d\u00edme do provozu dom\u00e1c\u00ed pek\u00e1rnu","url":"https:\/\/www.recado.cz\/uvadime-do-provozu-domaci-pekarnu\/","datePublished":"2025-03-05","dateModified":"2025-03-05","mainEntityOfPage":"https:\/\/www.recado.cz\/uvadime-do-provozu-domaci-pekarnu\/","author":{"@type":"Person","@id":"https:\/\/www.recado.cz\/author\/#Person","name":"","url":"https:\/\/www.recado.cz\/author\/","identifier":1,"image":{"@type":"ImageObject","@id":"https:\/\/secure.gravatar.com\/avatar\/01173f1da90dde8adb887d6793fa4e42c4004e53f8d645d9b1cb57c2dee8e188?s=96&d=mm&r=g","url":"https:\/\/secure.gravatar.com\/avatar\/01173f1da90dde8adb887d6793fa4e42c4004e53f8d645d9b1cb57c2dee8e188?s=96&d=mm&r=g","height":96,"width":96}},"publisher":{"@type":"Organization","name":"recado.cz","logo":{"@type":"ImageObject","@id":"\/logo.png","url":"\/logo.png","width":600,"height":60}},"image":{"@type":"ImageObject","@id":"https:\/\/www.recado.cz\/wp-content\/uploads\/img_a307681_w2413_t1518949926.jpg","url":"https:\/\/www.recado.cz\/wp-content\/uploads\/img_a307681_w2413_t1518949926.jpg","height":0,"width":0},"wordCount":586,"keywords":null},{"@type":"Article","@id":"https:\/\/www.recado.cz\/elixir-mladi-jmenem-avokadovy-olej\/","headline":"Elix\u00edr ml\u00e1d\u00ed jm\u00e9nem avok\u00e1dov\u00fd olej","url":"https:\/\/www.recado.cz\/elixir-mladi-jmenem-avokadovy-olej\/","datePublished":"2025-03-04","dateModified":"2025-03-04","mainEntityOfPage":"https:\/\/www.recado.cz\/elixir-mladi-jmenem-avokadovy-olej\/","author":{"@type":"Person","@id":"https:\/\/www.recado.cz\/author\/#Person","name":"","url":"https:\/\/www.recado.cz\/author\/","identifier":1,"image":{"@type":"ImageObject","@id":"https:\/\/secure.gravatar.com\/avatar\/01173f1da90dde8adb887d6793fa4e42c4004e53f8d645d9b1cb57c2dee8e188?s=96&d=mm&r=g","url":"https:\/\/secure.gravatar.com\/avatar\/01173f1da90dde8adb887d6793fa4e42c4004e53f8d645d9b1cb57c2dee8e188?s=96&d=mm&r=g","height":96,"width":96}},"publisher":{"@type":"Organization","name":"recado.cz","logo":{"@type":"ImageObject","@id":"\/logo.png","url":"\/logo.png","width":600,"height":60}},"image":{"@type":"ImageObject","@id":"https:\/\/www.recado.cz\/wp-content\/uploads\/img_a289785_w1978_t1501268915.jpg","url":"https:\/\/www.recado.cz\/wp-content\/uploads\/img_a289785_w1978_t1501268915.jpg","height":0,"width":0},"wordCount":480,"keywords":null}]},{"@context":"https:\/\/schema.org","@type":"WebSite","@id":"https:\/\/www.recado.cz\/#website","name":"Recado","url":"https:\/\/www.recado.cz","potentialAction":{"@type":"SearchAction","target":"https:\/\/www.recado.cz\/?s={search_term_string}","query-input":"required name=search_term_string"}}]