[{"@context":"https:\/\/schema.org\/","@type":"Article","@id":"https:\/\/www.recado.cz\/pecliva-hospodyne\/#Article","mainEntityOfPage":"https:\/\/www.recado.cz\/pecliva-hospodyne\/","headline":"Pe\u010dliv\u00e1 hospodyn\u011b.","name":"Pe\u010dliv\u00e1 hospodyn\u011b.","description":"Ano, je to tak. A je bohu\u017eel spousta \u017een, kter\u00e9 to tak maj\u00ed. Potom se div\u00ed, \u017ee...","datePublished":"2024-08-24","dateModified":"2024-08-24","author":{"@type":"Person","@id":"https:\/\/www.recado.cz\/author\/#Person","name":"","url":"https:\/\/www.recado.cz\/author\/","identifier":1,"image":{"@type":"ImageObject","@id":"https:\/\/secure.gravatar.com\/avatar\/01173f1da90dde8adb887d6793fa4e42c4004e53f8d645d9b1cb57c2dee8e188?s=96&d=mm&r=g","url":"https:\/\/secure.gravatar.com\/avatar\/01173f1da90dde8adb887d6793fa4e42c4004e53f8d645d9b1cb57c2dee8e188?s=96&d=mm&r=g","height":96,"width":96}},"publisher":{"@type":"Organization","name":"recado.cz","logo":{"@type":"ImageObject","@id":"\/logo.png","url":"\/logo.png","width":600,"height":60}},"image":{"@type":"ImageObject","@id":"https:\/\/www.recado.cz\/wp-content\/uploads\/living-room-457793_640_1.jpg","url":"https:\/\/www.recado.cz\/wp-content\/uploads\/living-room-457793_640_1.jpg","height":0,"width":0},"url":"https:\/\/www.recado.cz\/pecliva-hospodyne\/","about":["Dom\u00e1cnost"],"wordCount":450,"articleBody":"Ano, je to tak. A je bohu\u017eel spousta \u017een, kter\u00e9 to tak maj\u00ed. Potom se div\u00ed, \u017ee jim mu\u017e n\u011bco \u0159ekne a u\u017e je ohe\u0148 na st\u0159e\u0161e. N\u011bkte\u0159\u00ed mu\u017eov\u00e9 se s takov\u00fdm probl\u00e9mem moc nema\u017eou a jednu j\u00ed vlep\u00ed. Kdysi to byla b\u011b\u017en\u00e1 v\u011bc a \u017eena m\u011bla hned jako v kl\u00edcce. Ov\u0161em dnes se to nesm\u00ed, proto\u017ee je to skoro zlo\u010din, a tak se n\u00e1m p\u00e1ry rozv\u00e1d\u011bj\u00ed a rozv\u00e1d\u011bt i nad\u00e1le budou. Pokud se tedy v\u016fbec vzali, proto\u017ee i to je modern\u00ed. Ale to jsme drob\u00e1tko odbo\u010dili. Tak\u017ee zp\u00e1tky k dom\u00e1cnosti a hospodyn\u00edm. Je zaj\u00edmav\u00e9, \u017ee dne\u0161n\u00ed mlad\u00e9 \u017eeny st\u00e1le nemaj\u00ed na nic \u010das. Maj\u00ed automatickou pra\u010dku, automatickou su\u0161i\u010dku pr\u00e1dla, my\u010dku n\u00e1dob\u00ed, a p\u0159esto nic nest\u00edhaj\u00ed. Mimo \u010dum\u011bn\u00ed do mobilu a psan\u00ed si s kamar\u00e1dkami. Na to si \u010das najdou v\u017edycky. Doma d\u0159ez p\u0159et\u00e9k\u00e1 n\u00e1dob\u00edm, proto\u017ee ho ani do t\u00e9 zatracen\u00e9 my\u010dky nestr\u010d\u00ed, ale ona mus\u00ed \u0159e\u0161it ihned a okam\u017eit\u011b\u00a0n\u00e1kup\u00a0koza\u010dek na zimu s kamar\u00e1dkou XY, proto\u017ee V\u00e1noce u\u017e se bl\u00ed\u017e\u00ed a na zimu je t\u0159eba nov\u00e9 boty. Je \u010dervenec.\u00a0N\u011bkter\u00e9 \u017eeny po\u0159\u00e1dek maj\u00ed a v\u017edycky si v\u00ed rady. Tomu se \u0159\u00edk\u00e1 pe\u010dliv\u00e1 v\u00fdchova, ale tak\u00e9 na druhou stranu, m\u00e1lokter\u00e1 \u017eena vychov\u00e1 svou dceru jako \u0161pind\u00edru. To je pak asi d\u00e1no snad n\u011bjak geneticky nebo jak. Proto\u017ee to jinak nelze snad ani pochopit.\u00a0Ka\u017ed\u00e1 holka by se m\u011bla n\u011bjak\u00fdm zp\u016fsobem u\u010dit z\u00e1kladn\u00ed hygien\u011b a pe\u010dov\u00e1n\u00ed o dom\u00e1cnost. Mu\u017e chce p\u0159ij\u00edt do \u010dist\u00e9ho a uklizen\u00e9ho. Tedy, ne ka\u017ed\u00fd, \u017ee ano, n\u011bkomu binec nevad\u00ed. Ale pokud jsou pras\u00e1tka oba a nikoho nic nezaj\u00edm\u00e1, je to jejich v\u011bc. Pokud ov\u0161em neh\u00e1z\u00ed odpadky z okna nebo tak\u00e9 k soused\u016fm. Ano, i takov\u00ed lidi existuj\u00ed. Obyvatel\u00e9 jist\u00fdch \u010dtvrt\u00ed by mohli vypr\u00e1v\u011bt a v\u00e1m by vst\u00e1valy vlasy hr\u016fzou na hlav\u011b. Tam to potom vypad\u00e1 tak, \u017ee kdyby to vid\u011bl pan Stoker, p\u0159em\u00edstil by svou postavu Draculy sem, proto\u017ee tohle je stra\u0161ideln\u011bj\u0161\u00ed ne\u017e ve\u0161ker\u00e9 hrady na t\u00e9to planet\u011b. A co vy mil\u00e9 d\u00e1my, kam se za\u0159ad\u00edte vy? Tak\u00e9 to m\u00e1te tak n\u011bjak podobn\u011b, nebo se to u v\u00e1s v\u0161echno jen blejsk\u00e1? \u00a0                                                                                                                                                                                                                                                                                                                                                                                        4.5\/5 - (6 votes)        "},{"@context":"https:\/\/schema.org\/","@type":"BreadcrumbList","itemListElement":[{"@type":"ListItem","position":1,"name":"Pe\u010dliv\u00e1 hospodyn\u011b.","item":"https:\/\/www.recado.cz\/pecliva-hospodyne\/#breadcrumbitem"}]}]