[{"@context":"https:\/\/schema.org\/","@type":"Article","@id":"https:\/\/www.recado.cz\/pro-vasi-pomoc-kazdy-den\/#Article","mainEntityOfPage":"https:\/\/www.recado.cz\/pro-vasi-pomoc-kazdy-den\/","headline":"Pro va\u0161i pomoc ka\u017ed\u00fd den","name":"Pro va\u0161i pomoc ka\u017ed\u00fd den","description":"Nab\u00edz\u00edme v\u00e1m takov\u00e9 druhy pomocn\u00edk\u016f, se kter\u00fdmi v\u00e1m p\u016fjde pr\u00e1ce denn\u011b od ruky a to ve va\u0161ich...","datePublished":"2025-01-30","dateModified":"2025-01-30","author":{"@type":"Person","@id":"https:\/\/www.recado.cz\/author\/#Person","name":"","url":"https:\/\/www.recado.cz\/author\/","identifier":1,"image":{"@type":"ImageObject","@id":"https:\/\/secure.gravatar.com\/avatar\/01173f1da90dde8adb887d6793fa4e42c4004e53f8d645d9b1cb57c2dee8e188?s=96&d=mm&r=g","url":"https:\/\/secure.gravatar.com\/avatar\/01173f1da90dde8adb887d6793fa4e42c4004e53f8d645d9b1cb57c2dee8e188?s=96&d=mm&r=g","height":96,"width":96}},"publisher":{"@type":"Organization","name":"recado.cz","logo":{"@type":"ImageObject","@id":"\/logo.png","url":"\/logo.png","width":600,"height":60}},"url":"https:\/\/www.recado.cz\/pro-vasi-pomoc-kazdy-den\/","wordCount":189,"articleBody":"Nab\u00edz\u00edme v\u00e1m takov\u00e9 druhy pomocn\u00edk\u016f, se kter\u00fdmi v\u00e1m p\u016fjde pr\u00e1ce denn\u011b od ruky a to ve va\u0161ich skladech \u010di hal\u00e1ch. Pouze na\u0161e reg\u00e1ly, v\u00e1m zajist\u00ed pomoc p\u0159i va\u0161i pr\u00e1ci, \u010di v\u00e1m skv\u011ble poslou\u017e\u00ed, jako dokonal\u00e9 uskladn\u011bn\u00ed va\u0161ich v\u00fdrobk\u016f, produkt\u016f \u010di jak\u00fdchkoliv druh\u016f zbo\u017e\u00ed. Jen s n\u00e1mi, m\u00e1te tak\u00e9 takov\u00e9 mo\u017enosti v\u00fdb\u011bru, ze kter\u00fdch si je sm\u00edte zvolit z velikost\u00ed, nosn\u00fdch konstrukc\u00ed, a to v\u0161echno, dle libosti. Zvolte si va\u0161e pomocn\u00edky Zvolte si va\u0161e pomocn\u00edky, dle osobn\u00edch p\u0159\u00e1n\u00ed, pot\u0159eb i po\u017eadavk\u016f a to na jejich velikosti, celkov\u00e9 rozm\u011bry, druhy jejich materi\u00e1lov\u00fdch i konstruk\u010dn\u00edch typ\u016f, ale tak\u00e9 z takov\u00fdch modern\u00edch styl\u016f, kter\u00e9 se v\u00e1m zal\u00edb\u00ed. V\u011b\u0159te, \u017ee v\u00e1s jist\u011b velmi pot\u011b\u0161\u00ed jejich vysok\u00e1 a u n\u00e1s v\u017edy jen zaru\u010den\u00e1 kvalita, kter\u00e1 je v t\u011bch nejv\u011bt\u0161\u00edch hodnot\u00e1ch. Na\u0161e reg\u00e1ly jsou super.                                                                                                                                                                                                                                                                                                                                                                                        5\/5 - (4 votes)        "},{"@context":"https:\/\/schema.org\/","@type":"BreadcrumbList","itemListElement":[{"@type":"ListItem","position":1,"name":"Pro va\u0161i pomoc ka\u017ed\u00fd den","item":"https:\/\/www.recado.cz\/pro-vasi-pomoc-kazdy-den\/#breadcrumbitem"}]}]