[{"@context":"https:\/\/schema.org\/","@type":"Article","@id":"https:\/\/www.recado.cz\/umeni-pro-kazdeho\/#Article","mainEntityOfPage":"https:\/\/www.recado.cz\/umeni-pro-kazdeho\/","headline":"Um\u011bn\u00ed pro ka\u017ed\u00e9ho","name":"Um\u011bn\u00ed pro ka\u017ed\u00e9ho","description":"R\u00e1di byste si po\u0159\u00eddili dom\u016f nov\u00fd obraz, pokud mo\u017eno v modern\u00edm um\u011bleck\u00e9m stylu? Pak v\u00e1m m\u016f\u017eeme pomoci....","datePublished":"2024-12-13","dateModified":"2024-12-13","author":{"@type":"Person","@id":"https:\/\/www.recado.cz\/author\/#Person","name":"","url":"https:\/\/www.recado.cz\/author\/","identifier":1,"image":{"@type":"ImageObject","@id":"https:\/\/secure.gravatar.com\/avatar\/01173f1da90dde8adb887d6793fa4e42c4004e53f8d645d9b1cb57c2dee8e188?s=96&d=mm&r=g","url":"https:\/\/secure.gravatar.com\/avatar\/01173f1da90dde8adb887d6793fa4e42c4004e53f8d645d9b1cb57c2dee8e188?s=96&d=mm&r=g","height":96,"width":96}},"publisher":{"@type":"Organization","name":"recado.cz","logo":{"@type":"ImageObject","@id":"\/logo.png","url":"\/logo.png","width":600,"height":60}},"url":"https:\/\/www.recado.cz\/umeni-pro-kazdeho\/","wordCount":179,"articleBody":"R\u00e1di byste si po\u0159\u00eddili dom\u016f nov\u00fd obraz, pokud mo\u017eno v modern\u00edm um\u011bleck\u00e9m stylu? Pak v\u00e1m m\u016f\u017eeme pomoci. Nab\u00edz\u00edme toti\u017e celou \u0159adu modern\u00edch obraz\u016f, kter\u00e9 jsou z \u010d\u00e1sti tradi\u010dn\u00ed malbou a z \u010d\u00e1sti fotografii. Tato d\u00edla byla vytvo\u0159ena um\u011blci z \u0159ad \u010cech\u016f a Slov\u00e1k\u016f, kte\u0159\u00ed se je\u0161t\u011b nesta\u010dili proslavit. D\u00edky tomu se jedn\u00e1 o kvalitn\u00ed, ale jsou z\u00e1rove\u0148 cenov\u011b dostupn\u00e9 kousky.Tvorba na zak\u00e1zku Sice je n\u00e1\u0161 v\u00fdb\u011br skute\u010dn\u011b bohat\u00fd a ka\u017ed\u00fdm dnem se roz\u0161i\u0159uje, ale pokud si p\u0159ejete m\u00edt v ob\u00fdv\u00e1ku pov\u011b\u0161en\u00fd obraz, na kter\u00e9m jste se pod\u00edleli i vy sami, po\u0161lete n\u00e1m fotografii, kterou jste vytvo\u0159ili na v\u00fdlet\u011b \u010di dovolen\u00e9 a my ji zakomponujeme do v\u00fdsledn\u00e9ho d\u00edla. Budete se tak moci py\u0161nit p\u0159ed n\u00e1v\u0161t\u011bvami t\u00edm, \u017ee jste se na tvorb\u011b tohoto obrazu velkou m\u011brou pod\u00edleli tak\u00e9.                                                                                                                                                                                                                                                                                                                                                                                        4.5\/5 - (4 votes)        "},{"@context":"https:\/\/schema.org\/","@type":"BreadcrumbList","itemListElement":[{"@type":"ListItem","position":1,"name":"Um\u011bn\u00ed pro ka\u017ed\u00e9ho","item":"https:\/\/www.recado.cz\/umeni-pro-kazdeho\/#breadcrumbitem"}]}]