[{"@context":"https:\/\/schema.org\/","@type":"Article","@id":"https:\/\/www.recado.cz\/v-cem-nam-skodi-socialni-site\/#Article","mainEntityOfPage":"https:\/\/www.recado.cz\/v-cem-nam-skodi-socialni-site\/","headline":"V \u010dem n\u00e1m \u0161kod\u00ed soci\u00e1ln\u00ed s\u00edt\u011b","name":"V \u010dem n\u00e1m \u0161kod\u00ed soci\u00e1ln\u00ed s\u00edt\u011b","description":"Internet je dnes neodd\u011bliteln\u011b spojen se soci\u00e1ln\u00edmi s\u00edt\u011bmi. Ty se staly velmi rychle hlavn\u00ed platformou, kterou lid\u00e9...","datePublished":"2024-04-27","dateModified":"2024-04-27","author":{"@type":"Person","@id":"https:\/\/www.recado.cz\/author\/#Person","name":"","url":"https:\/\/www.recado.cz\/author\/","identifier":1,"image":{"@type":"ImageObject","@id":"https:\/\/secure.gravatar.com\/avatar\/01173f1da90dde8adb887d6793fa4e42c4004e53f8d645d9b1cb57c2dee8e188?s=96&d=mm&r=g","url":"https:\/\/secure.gravatar.com\/avatar\/01173f1da90dde8adb887d6793fa4e42c4004e53f8d645d9b1cb57c2dee8e188?s=96&d=mm&r=g","height":96,"width":96}},"publisher":{"@type":"Organization","name":"recado.cz","logo":{"@type":"ImageObject","@id":"\/logo.png","url":"\/logo.png","width":600,"height":60}},"image":{"@type":"ImageObject","@id":"https:\/\/www.recado.cz\/wp-content\/uploads\/dezinformace2_8.png","url":"https:\/\/www.recado.cz\/wp-content\/uploads\/dezinformace2_8.png","height":0,"width":0},"url":"https:\/\/www.recado.cz\/v-cem-nam-skodi-socialni-site\/","about":["Online"],"wordCount":412,"articleBody":"Internet je dnes neodd\u011bliteln\u011b spojen se soci\u00e1ln\u00edmi s\u00edt\u011bmi. Ty se staly velmi rychle hlavn\u00ed platformou, kterou lid\u00e9 vyu\u017e\u00edvaj\u00ed ke komunikaci i k\u00a0diskus\u00edm. Staly se m\u00edstem, kter\u00e9 lidi spojuje, kde si mohou naj\u00edt nov\u00e9 p\u0159\u00e1tele a diskutovat s\u00a0t\u011bmi, kte\u0159\u00ed maj\u00ed stejn\u00e9 z\u00e1jmy. Ukazuje se v\u0161ak, \u017ee v\u0161e nen\u00ed tak pozitivn\u00ed, jak by se mohlo zd\u00e1t.\u00a0Ve skute\u010dnosti, ani\u017e si to uv\u011bdomujeme, na n\u00e1s maj\u00ed tyto platformy nejen pozitivn\u00ed, ale tak\u00e9 negativn\u00ed vliv, se kter\u00fdm mus\u00edme po\u010d\u00edtat. A ten se projevuje nejen na internetu, ale ji\u017e i v\u00a0b\u011b\u017en\u00e9m \u017eivot\u011b. A to je n\u011bco, co bychom rozhodn\u011b nem\u011bli dopustit. Proto je dobr\u00e9 v\u011bd\u011bt, jak n\u00e1s vlastn\u011b negativn\u011b ovliv\u0148uj\u00ed.\u00a0\u00a0T\u00edm prvn\u00edm nebezpe\u010d\u00edm je samotn\u00fd algoritmus soci\u00e1ln\u00edch s\u00edt\u00ed. Ten n\u00e1m nab\u00edz\u00ed p\u0159edev\u0161\u00edm p\u0159\u00edsp\u011bvky, u kter\u00fdch je nejpravd\u011bpodobn\u011bj\u0161\u00ed, \u017ee na n\u011b budeme reagovat. Probl\u00e9m je, \u017ee sp\u00ed\u0161e reagujeme na v\u011bci, se kter\u00fdmi nesouhlas\u00edme, p\u0159\u00edpadn\u011b kter\u00e9 vid\u00edme v\u00a0negativn\u00edm sv\u011btle. Pokud jsme tak nap\u0159\u00edklad vegan, budou n\u00e1m vyskakovat p\u0159\u00edsp\u011bvky \u0159ezn\u00edk\u016f, zat\u00edmco pokud m\u00e1me r\u00e1di maso, pak uvid\u00edme vegansk\u00e9 p\u0159\u00edsp\u011bvky. To n\u00e1s samoz\u0159ejm\u011b stresuje, a\u0165 u\u017e si to uv\u011bdomujeme, \u010di nikoliv. Tomu samoz\u0159ejm\u011b nepom\u00e1haj\u00ed ani takzvan\u00ed trollov\u00e9, kte\u0159\u00ed cht\u011bj\u00ed jen vytv\u00e1\u0159et chaos a h\u00e1dky.\u00a0\u00a0D\u00e1le je to fakt, \u017ee n\u00e1s v\u00a0podstat\u011b uzav\u00edr\u00e1 do ur\u010dit\u00e9 soci\u00e1ln\u00ed bubliny. To sice znamen\u00e1, \u017ee se budeme bavit jen s\u00a0lidmi, kte\u0159\u00ed maj\u00ed stejn\u00e9 n\u00e1zory jako my. Ov\u0161em t\u00edm p\u00e1dem budou tak\u00e9 zav\u0159eny dve\u0159e n\u00e1zor\u016fm opa\u010dn\u00fdm, a tedy i skute\u010dn\u011b konstruktivn\u00ed diskusi. Jist\u011b, m\u016f\u017ee se to zd\u00e1t ne\u0161kodn\u00e9, dokud si neuv\u011bdom\u00edme, \u017ee tento trend m\u016f\u017ee v\u00e9st k\u00a0radikalizaci lid\u00ed, co\u017e nen\u00ed nikdy dob\u0159e.\u00a0V\u00a0neposledn\u00ed \u0159ad\u011b je tu fakt, \u017ee d\u00e1v\u00e1 prostor vyj\u00e1d\u0159it se naprosto v\u0161em, bez ohledu na to, zda se jedn\u00e1 skute\u010dn\u011b o jejich n\u00e1zor, nebo zda vylo\u017een\u011b l\u017eou. Je tak jednou z\u00a0platforem, kde se nejv\u00edce \u0161\u00ed\u0159\u00ed dezinformace. A to je, jak se ukazuje, pro na\u0161i spole\u010dnost velmi nebezpe\u010dn\u00e9.                                                                                                                                                                                                                                                                                                                                                                                        3.7\/5 - (4 votes)        "},{"@context":"https:\/\/schema.org\/","@type":"BreadcrumbList","itemListElement":[{"@type":"ListItem","position":1,"name":"V \u010dem n\u00e1m \u0161kod\u00ed soci\u00e1ln\u00ed s\u00edt\u011b","item":"https:\/\/www.recado.cz\/v-cem-nam-skodi-socialni-site\/#breadcrumbitem"}]}]