[{"@context":"https:\/\/schema.org\/","@type":"Article","@id":"https:\/\/www.recado.cz\/v-padesati-se-to-zmeni\/#Article","mainEntityOfPage":"https:\/\/www.recado.cz\/v-padesati-se-to-zmeni\/","headline":"V pades\u00e1ti se to zm\u011bn\u00ed","name":"V pades\u00e1ti se to zm\u011bn\u00ed","description":"Ve v\u011bku kolem pades\u00e1ti let nast\u00e1v\u00e1 v na\u0161em \u017eivot\u011b zlom. V\u011bt\u0161ina z n\u00e1s si uv\u011bdom\u00ed skute\u010dnost, \u017ee...","datePublished":"2022-07-08","dateModified":"2023-05-30","author":{"@type":"Person","@id":"https:\/\/www.recado.cz\/author\/#Person","name":"","url":"https:\/\/www.recado.cz\/author\/","identifier":1,"image":{"@type":"ImageObject","@id":"https:\/\/secure.gravatar.com\/avatar\/01173f1da90dde8adb887d6793fa4e42c4004e53f8d645d9b1cb57c2dee8e188?s=96&d=mm&r=g","url":"https:\/\/secure.gravatar.com\/avatar\/01173f1da90dde8adb887d6793fa4e42c4004e53f8d645d9b1cb57c2dee8e188?s=96&d=mm&r=g","height":96,"width":96}},"publisher":{"@type":"Organization","name":"recado.cz","logo":{"@type":"ImageObject","@id":"\/logo.png","url":"\/logo.png","width":600,"height":60}},"image":{"@type":"ImageObject","@id":"https:\/\/www.recado.cz\/wp-content\/uploads\/hands-g184deeb6f_640.jpg","url":"https:\/\/www.recado.cz\/wp-content\/uploads\/hands-g184deeb6f_640.jpg","height":0,"width":0},"url":"https:\/\/www.recado.cz\/v-padesati-se-to-zmeni\/","about":["Spole\u010dnosti"],"wordCount":431,"articleBody":"   Ve v\u011bku kolem pades\u00e1ti let nast\u00e1v\u00e1 v na\u0161em \u017eivot\u011b zlom. V\u011bt\u0161ina z n\u00e1s si uv\u011bdom\u00ed skute\u010dnost, \u017ee st\u00e1rnou a \u017ee jsme smrteln\u00ed. V\u011bt\u0161ina z n\u00e1s si tak\u00e9 uv\u011bdom\u00ed, \u017ee maj\u00ed za sebou v\u011bt\u0161\u00ed polovinu \u017eivota a pokud n\u011bco je\u0161t\u011b cht\u011bj\u00ed v \u017eivot\u011b zvl\u00e1dnout, stihnout, ud\u011blat, nav\u0161t\u00edvit, je ten nejvy\u0161\u0161\u00ed \u010das se do toho pustit. V tomto v\u011bku se tak\u00e9 za\u010dne projevovat v\u00e1\u0161 dosavadn\u00ed \u017eivotn\u00ed styl a zp\u016fsob \u017eivota v\u016fbec. Pokud jste doposud nesportovali, t\u011b\u017eko s t\u00edm za\u010dnete v pades\u00e1ti. Ale pravd\u011bpodobn\u011b za\u010dnete rychle tloustnout, proto\u017ee t\u011blo v tomto v\u011bku, zvl\u00e1\u0161t\u011b u \u017een, za\u010dne ukl\u00e1dat v\u0161e do tuk\u016f a kdy\u017e nen\u00ed p\u0159im\u011b\u0159en\u00fd v\u00fddej energie, kila rychle p\u0159ib\u00fdvaj\u00ed.Pokud si v pades\u00e1ti \u0159eknete, \u017ee chcete nav\u0161t\u00edvit je\u0161t\u011b tu kterou zemi, m\u016f\u017eete m\u00edt probl\u00e9m, pokud v\u00e1\u0161 partner nen\u00ed stejn\u00e9ho n\u00e1zoru anebo na tom zdravotn\u011b nen\u00ed a\u017e tak dob\u0159e a vy z\u016fstanete na cestov\u00e1n\u00ed sami. V tomhle v\u011bku u\u017e asi nebudete cht\u00edt cestovat s ba\u0165\u016f\u017ekem jen na vlastn\u00ed p\u011bst a kdy\u017e budete cht\u00edt je s cestovkou, tak v\u011bt\u0161inou za jednol\u016f\u017ekov\u00fd pokoj budou cht\u00edt a\u017e neslu\u0161n\u00fd poplatek nav\u00edc. Ale na\u0161t\u011bst\u00ed se daj\u00ed naj\u00edt i cestovky, kter\u00e9 nab\u00edz\u00ed cesty i pro samostatn\u011b cestuj\u00edc\u00ed z\u00e1kazn\u00edky. Mo\u017en\u00e1 si ale v pades\u00e1ti \u0159eknete, \u017ee si zaslou\u017e\u00edte sv\u016fj klid a rozhodnete se zainvestovat do nemovitosti, abyste byli zaji\u0161t\u011bn\u00ed pozd\u011bji, v d\u016fchodu. Po\u0159\u00eddit si apartm\u00e1n v Chorvatsku m\u016f\u017ee b\u00fdt chytrou investic\u00ed do budoucna. Prodej apartm\u00e1n\u016f Chorvatsko je dnes b\u011b\u017enou v\u011bc\u00ed. Jednak jej m\u016f\u017eete vyu\u017e\u00edvat vy, pro sv\u00e9 pobyty u mo\u0159e. A a\u017e budete v d\u016fchodu, m\u016f\u017eete na tomto m\u00edst\u011b pro\u017e\u00edt v\u011bt\u0161inu roku a zm\u00edrnit tak nep\u0159\u00edzniv\u00fd vliv zimy na va\u0161e zdrav\u00ed. V Chorvatsku u mo\u0159e n\u00edzk\u00e9 teploty pod nulou neza\u017eijete.Bl\u00ed\u017e\u00edte se k pades\u00e1tce nebo jste ji ji\u017e dos\u00e1hli? Pak v\u00edte, o \u010dem je tenhle \u010dl\u00e1nek. Pades\u00e1tka v\u00e1m p\u0159em\u011bn\u00ed \u017eivotn\u00ed hodnoty, postoj k \u017eivotu a probud\u00ed ve v\u00e1s pot\u0159eby splnit si sv\u00e9 sny, dokud je je\u0161t\u011b \u010das, dokud slou\u017e\u00ed zdrav\u00ed a jsme pln\u00ed sil.                                                                                                                                                                                                                                                                                                                                                                                           4.5\/5 - (6 votes)        "},{"@context":"https:\/\/schema.org\/","@type":"BreadcrumbList","itemListElement":[{"@type":"ListItem","position":1,"name":"V pades\u00e1ti se to zm\u011bn\u00ed","item":"https:\/\/www.recado.cz\/v-padesati-se-to-zmeni\/#breadcrumbitem"}]}]