[{"@context":"https:\/\/schema.org\/","@type":"Article","@id":"https:\/\/www.recado.cz\/vzpominky-zustanou\/#Article","mainEntityOfPage":"https:\/\/www.recado.cz\/vzpominky-zustanou\/","headline":"Vzpom\u00ednky z\u016fstanou","name":"Vzpom\u00ednky z\u016fstanou","description":"V budoucnu budete m\u00edt spoustu vzpom\u00ednek, jak na pracovn\u00ed \u00fasp\u011bchy, pru\u017en\u00e9 p\u00e1nevn\u00ed svaly, na spole\u010densk\u00e9 styky i...","datePublished":"2024-12-04","dateModified":"2024-12-04","author":{"@type":"Person","@id":"https:\/\/www.recado.cz\/author\/#Person","name":"","url":"https:\/\/www.recado.cz\/author\/","identifier":1,"image":{"@type":"ImageObject","@id":"https:\/\/secure.gravatar.com\/avatar\/01173f1da90dde8adb887d6793fa4e42c4004e53f8d645d9b1cb57c2dee8e188?s=96&d=mm&r=g","url":"https:\/\/secure.gravatar.com\/avatar\/01173f1da90dde8adb887d6793fa4e42c4004e53f8d645d9b1cb57c2dee8e188?s=96&d=mm&r=g","height":96,"width":96}},"publisher":{"@type":"Organization","name":"recado.cz","logo":{"@type":"ImageObject","@id":"\/logo.png","url":"\/logo.png","width":600,"height":60}},"url":"https:\/\/www.recado.cz\/vzpominky-zustanou\/","wordCount":179,"articleBody":"V budoucnu budete m\u00edt spoustu vzpom\u00ednek, jak na pracovn\u00ed \u00fasp\u011bchy, pru\u017en\u00e9 p\u00e1nevn\u00ed svaly, na spole\u010densk\u00e9 styky i styky jin\u00e9. A nemus\u00ed z\u016fstat jen u vzpom\u00ednek. Sta\u010d\u00ed, kdy\u017e prostata, org\u00e1n, kter\u00fd m\u00e1 na starost spousty funkc\u00ed, je dob\u0159e udr\u017eov\u00e1na, a kdy\u017e u\u017e p\u0159eci jen p\u0159estane fungovat tak jak m\u00e1, tak neklesat na mysli a za\u010d\u00edt s l\u00e9\u010dbou. Mimo cvik\u016f jsou zde l\u00e9ky, potravinov\u00e9 dopl\u0148ky a p\u0159inejhor\u0161\u00edm operace. V\u010dasn\u00e9 \u0159e\u0161en\u00ed Pokud se na prvn\u00ed p\u0159\u00edznaky probl\u00e9m\u016f nevyka\u0161lete a nebudete si \u0159\u00edkat, \u017ee to p\u0159ejde a hlavn\u011b se nebudete styd\u011bt, m\u016f\u017eete si vzpom\u00ednky o\u017eivit a m\u016f\u017eou se st\u00e1t sou\u010dasnost\u00ed. V\u0161e ale z\u00e1le\u017e\u00ed na v\u010dasn\u00e9m ur\u010den\u00ed d\u016fvodu pot\u00ed\u017e\u00ed a na jejich efektivn\u00edm a c\u00edlen\u00e9m \u0159e\u0161en\u00ed. Nebojte se zaj\u00edt si za l\u00e9ka\u0159em, nesty\u010fte se, nebo se pak m\u016f\u017ee st\u00e1t, \u017ee u\u017e bude pozd\u011b.                                                                                                                                                                                                                                                                                                                                                                                        3.3\/5 - (3 votes)        "},{"@context":"https:\/\/schema.org\/","@type":"BreadcrumbList","itemListElement":[{"@type":"ListItem","position":1,"name":"Vzpom\u00ednky z\u016fstanou","item":"https:\/\/www.recado.cz\/vzpominky-zustanou\/#breadcrumbitem"}]}]